{"id":1465,"date":"2024-08-26T16:09:10","date_gmt":"2024-08-26T22:09:10","guid":{"rendered":"https:\/\/electricasustentable.com\/?p=1465"},"modified":"2024-08-26T16:23:45","modified_gmt":"2024-08-26T22:23:45","slug":"generacion-distribuida-en-mexico-un-vistazo-a-su-crecimiento-y-diversificacion","status":"publish","type":"post","link":"https:\/\/electricasustentable.com\/index.php\/2024\/08\/26\/generacion-distribuida-en-mexico-un-vistazo-a-su-crecimiento-y-diversificacion\/","title":{"rendered":"Generaci\u00f3n Distribuida en M\u00e9xico: Un Vistazo a su Crecimiento y Diversificaci\u00f3n"},"content":{"rendered":"\n<p><strong>\u00bfQu\u00e9 es la Generaci\u00f3n Distribuida?<\/strong><\/p>\n\n\n\n<p>La GD se refiere a la producci\u00f3n de electricidad en peque\u00f1as centrales el\u00e9ctricas, usualmente de menos de 0.5 MW de capacidad, que est\u00e1n conectadas a las Redes de Generaci\u00f3n Distribuida (RGD). Estas redes permiten que la energ\u00eda se genere m\u00e1s cerca del punto de consumo, reduciendo las p\u00e9rdidas de transmisi\u00f3n y promoviendo la participaci\u00f3n de peque\u00f1os generadores en el mercado el\u00e9ctrico. <\/p>\n\n\n\n<p><strong>Para que una instalaci\u00f3n se clasifique como GD, debe cumplir con dos criterios esenciales:<\/strong><\/p>\n\n\n\n<p><strong>Conexi\u00f3n a Red de Distribuci\u00f3n:<\/strong> La central el\u00e9ctrica debe estar conectada a un circuito de distribuci\u00f3n que tenga una alta concentraci\u00f3n de Centros de Carga, de acuerdo con las Reglas del Mercado.<\/p>\n\n\n\n<p><strong>Generador Exento:<\/strong> Debe ser operada por un generador que, bajo la ley, no est\u00e1 obligado a obtener un permiso de generaci\u00f3n debido a su capacidad limitada.<\/p>\n\n\n\n<figure class=\"wp-block-image size-large\"><img fetchpriority=\"high\" decoding=\"async\" width=\"1024\" height=\"574\" src=\"https:\/\/electricasustentable.com\/wp-content\/uploads\/2024\/08\/view-water-tank-storage-1024x574.jpg\" alt=\"\" class=\"wp-image-1466\" srcset=\"https:\/\/electricasustentable.com\/wp-content\/uploads\/2024\/08\/view-water-tank-storage-1024x574.jpg 1024w, https:\/\/electricasustentable.com\/wp-content\/uploads\/2024\/08\/view-water-tank-storage-300x168.jpg 300w, https:\/\/electricasustentable.com\/wp-content\/uploads\/2024\/08\/view-water-tank-storage-768x430.jpg 768w, https:\/\/electricasustentable.com\/wp-content\/uploads\/2024\/08\/view-water-tank-storage-1536x861.jpg 1536w, https:\/\/electricasustentable.com\/wp-content\/uploads\/2024\/08\/view-water-tank-storage-2048x1148.jpg 2048w, https:\/\/electricasustentable.com\/wp-content\/uploads\/2024\/08\/view-water-tank-storage-600x336.jpg 600w\" sizes=\"(max-width: 1024px) 100vw, 1024px\" \/><\/figure>\n\n\n\n<p><\/p>\n\n\n\n<p>El Crecimiento de la Generaci\u00f3n Distribuida en M\u00e9xico<\/p>\n\n\n\n<p>En 2023, la capacidad instalada acumulada en el sector de GD, con instalaciones menores a 0.5 MW conectadas a las Redes de Generaci\u00f3n Distribuida (RGD), alcanz\u00f3 los <strong>3,364 MW<\/strong>. Este incremento refleja no solo el crecimiento en la capacidad instalada, sino tambi\u00e9n una diversificaci\u00f3n tecnol\u00f3gica significativa dentro del sector, subrayando una transici\u00f3n hacia una mayor integraci\u00f3n de recursos energ\u00e9ticos a peque\u00f1a escala dentro de la red el\u00e9ctrica nacional.<\/p>\n\n\n\n<p>La <strong>diversificaci\u00f3n tecnol\u00f3gica<\/strong> en GD permite una mayor flexibilidad y adaptaci\u00f3n a las condiciones y necesidades locales, fortaleciendo la resiliencia y diversificaci\u00f3n de la red el\u00e9ctrica. Adem\u00e1s, este enfoque contribuye a la sostenibilidad energ\u00e9tica al reducir las p\u00e9rdidas por transmisi\u00f3n a larga distancia y fomentar la participaci\u00f3n de actores locales en el mercado energ\u00e9tico<\/p>\n\n\n\n<figure class=\"wp-block-image size-full\"><img decoding=\"async\" width=\"577\" height=\"670\" src=\"https:\/\/electricasustentable.com\/wp-content\/uploads\/2024\/08\/Captura-de-pantalla-2024-08-21-165151.png\" alt=\"\" class=\"wp-image-1468\" srcset=\"https:\/\/electricasustentable.com\/wp-content\/uploads\/2024\/08\/Captura-de-pantalla-2024-08-21-165151.png 577w, https:\/\/electricasustentable.com\/wp-content\/uploads\/2024\/08\/Captura-de-pantalla-2024-08-21-165151-258x300.png 258w\" sizes=\"(max-width: 577px) 100vw, 577px\" \/><\/figure>\n\n\n\n<p><\/p>\n\n\n\n<p><strong>Liderazgo Regional en Generaci\u00f3n Distribuida<\/strong><\/p>\n\n\n\n<p>El <strong>Programa de Desarrollo del Sistema El\u00e9ctrico Nacional (PRODESEN)<\/strong> de la SENER destaca la GD como una estrategia clave para mejorar la eficiencia y sostenibilidad del sistema el\u00e9ctrico en M\u00e9xico, asegurando una distribuci\u00f3n equitativa de recursos energ\u00e9ticos en las distintas regiones del pa\u00eds.<\/p>\n\n\n\n<p><strong>Distribuci\u00f3n Regional de Contratos de GD:<\/strong><\/p>\n\n\n\n<p>De acuerdo con la Secretar\u00eda de Energ\u00eda (SENER), los estados l\u00edderes en contratos de GD en 2023 fueron:<\/p>\n\n\n\n<ul class=\"wp-block-list\">\n<li><strong>Jalisco:<\/strong> 17.5%<\/li>\n\n\n\n<li><strong>Nuevo Le\u00f3n:<\/strong> 11.2%<\/li>\n\n\n\n<li><strong>Chihuahua:<\/strong> 8.2%<\/li>\n\n\n\n<li><strong>Guanajuato:<\/strong> 5.4%<\/li>\n\n\n\n<li><strong>Michoac\u00e1n:<\/strong> 5.2%<\/li>\n\n\n\n<li><strong>Yucat\u00e1n:<\/strong> 4.3%<\/li>\n<\/ul>\n\n\n\n<p>Estos seis estados concentran m\u00e1s del <strong>51%<\/strong> del total de contratos de GD en M\u00e9xico, con m\u00e1s de 198,000 contratos. La variabilidad en la adopci\u00f3n de tecnolog\u00edas en estos estados refleja una combinaci\u00f3n de factores locales, como el clima, la disponibilidad de recursos y las pol\u00edticas energ\u00e9ticas regionales.<\/p>\n\n\n\n<figure class=\"wp-block-image size-large is-resized\"><img decoding=\"async\" width=\"1024\" height=\"621\" src=\"https:\/\/electricasustentable.com\/wp-content\/uploads\/2024\/08\/graficapaint-1024x621.png\" alt=\"\" class=\"wp-image-1467\" style=\"width:750px;height:auto\" srcset=\"https:\/\/electricasustentable.com\/wp-content\/uploads\/2024\/08\/graficapaint-1024x621.png 1024w, https:\/\/electricasustentable.com\/wp-content\/uploads\/2024\/08\/graficapaint-300x182.png 300w, https:\/\/electricasustentable.com\/wp-content\/uploads\/2024\/08\/graficapaint-768x466.png 768w, https:\/\/electricasustentable.com\/wp-content\/uploads\/2024\/08\/graficapaint-600x364.png 600w, https:\/\/electricasustentable.com\/wp-content\/uploads\/2024\/08\/graficapaint.png 1152w\" sizes=\"(max-width: 1024px) 100vw, 1024px\" \/><\/figure>\n\n\n\n<div class=\"wp-block-group is-layout-constrained wp-block-group-is-layout-constrained\">\n<p><strong>Observaciones Clave:<\/strong><\/p>\n\n\n\n<div class=\"wp-block-group is-layout-constrained wp-block-group-is-layout-constrained\">\n<div class=\"wp-block-group is-layout-constrained wp-block-group-is-layout-constrained\">\n<p><strong>Tendencias Regionales:<\/strong> La alta concentraci\u00f3n de contratos en ciertos estados indica una inversi\u00f3n considerable en GD, influenciada por pol\u00edticas locales de incentivos y necesidades espec\u00edficas de suministro energ\u00e9tico.<\/p>\n\n\n\n<p><strong>Concentraci\u00f3n Regional:<\/strong> Jalisco destaca por su alta proporci\u00f3n de contratos de GD, indicando una adopci\u00f3n significativa de estas tecnolog\u00edas en la regi\u00f3n. Nuevo Le\u00f3n y Chihuahua tambi\u00e9n presentan un desarrollo importante en GD.<\/p>\n\n\n\n<p><strong>Diversificaci\u00f3n Tecnol\u00f3gica:<\/strong> Las diferencias en la adopci\u00f3n de tecnolog\u00edas de GD entre los estados sugieren que las condiciones locales, como el clima y los recursos disponibles, juegan un papel crucial en la elecci\u00f3n de tecnolog\u00edas.<\/p>\n<\/div>\n<\/div>\n<\/div>\n\n\n\n<p>La <strong>Generaci\u00f3n Distribuida (GD)<\/strong>, especialmente a trav\u00e9s de sistemas fotovoltaicos, est\u00e1 redefiniendo el panorama energ\u00e9tico en M\u00e9xico. Con su capacidad para integrarse de manera eficiente en redes de distribuci\u00f3n, los sistemas fotovoltaicos no solo mejoran la resiliencia de la red el\u00e9ctrica, sino que tambi\u00e9n ofrecen una soluci\u00f3n sostenible y econ\u00f3micamente viable para abordar las crecientes demandas energ\u00e9ticas del pa\u00eds. La adopci\u00f3n y expansi\u00f3n de esta tecnolog\u00eda reflejan un compromiso hacia la transici\u00f3n energ\u00e9tica y la mitigaci\u00f3n del impacto ambiental.<\/p>\n\n\n\n<p>La diversificaci\u00f3n tecnol\u00f3gica y regional en la implementaci\u00f3n de sistemas fotovoltaicos dentro del marco de la GD subraya la importancia de entender y adaptarse a las particularidades locales, lo que permite maximizar el rendimiento y la eficiencia de estos sistemas. A medida que M\u00e9xico avanza hacia un futuro m\u00e1s verde, la capacidad de integrar y optimizar los sistemas fotovoltaicos en la GD se convertir\u00e1 en un componente esencial para alcanzar los objetivos de sostenibilidad energ\u00e9tica.<\/p>\n\n\n\n<p>Te invito a seguir explorando este y otros temas relacionados con la energ\u00eda solar y la generaci\u00f3n distribuida en nuestro blog. Aqu\u00ed encontrar\u00e1s an\u00e1lisis profundos, estudios de caso y gu\u00edas pr\u00e1cticas que te ayudar\u00e1n a profundizar en los aspectos t\u00e9cnicos y regulatorios de los sistemas fotovoltaicos en M\u00e9xico. \u00danete a nuestra comunidad de expertos y entusiastas del sector energ\u00e9tico para estar al tanto de las \u00faltimas tendencias y avances en la industria.<\/p>\n\n\n\n<div class=\"wp-block-group alignfull has-text-color has-background is-layout-flow wp-block-group-is-layout-flow\" style=\"color:#000000;background-color:#ffffff\">\n<div class=\"wp-block-buttons is-horizontal is-content-justification-center is-layout-flex wp-container-core-buttons-is-layout-03627597 wp-block-buttons-is-layout-flex\">\n<div class=\"wp-block-button has-custom-width wp-block-button__width-50\"><a class=\"wp-block-button__link has-text-color has-background wp-element-button\" href=\"https:\/\/electricasustentable.com\/index.php\/contacto\/\" style=\"border-radius:50px;color:#ffffff;background-color:#000000\">Contactanos HOY<\/a><\/div>\n<\/div>\n<\/div>\n","protected":false},"excerpt":{"rendered":"<p>\u00bfQu\u00e9 es la Generaci\u00f3n Distribuida? La GD se refiere a la producci\u00f3n de electricidad en peque\u00f1as centrales el\u00e9ctricas, usualmente de [&hellip;]<\/p>\n","protected":false},"author":2,"featured_media":1466,"comment_status":"open","ping_status":"open","sticky":false,"template":"","format":"standard","meta":{"site-sidebar-layout":"default","site-content-layout":"","ast-site-content-layout":"default","site-content-style":"default","site-sidebar-style":"default","ast-global-header-display":"","ast-banner-title-visibility":"","ast-main-header-display":"","ast-hfb-above-header-display":"","ast-hfb-below-header-display":"","ast-hfb-mobile-header-display":"","site-post-title":"","ast-breadcrumbs-content":"","ast-featured-img":"","footer-sml-layout":"","ast-disable-related-posts":"","theme-transparent-header-meta":"","adv-header-id-meta":"","stick-header-meta":"","header-above-stick-meta":"","header-main-stick-meta":"","header-below-stick-meta":"","astra-migrate-meta-layouts":"default","ast-page-background-enabled":"default","ast-page-background-meta":{"desktop":{"background-color":"var(--ast-global-color-4)","background-image":"","background-repeat":"repeat","background-position":"center center","background-size":"auto","background-attachment":"scroll","background-type":"","background-media":"","overlay-type":"","overlay-color":"","overlay-opacity":"","overlay-gradient":""},"tablet":{"background-color":"","background-image":"","background-repeat":"repeat","background-position":"center center","background-size":"auto","background-attachment":"scroll","background-type":"","background-media":"","overlay-type":"","overlay-color":"","overlay-opacity":"","overlay-gradient":""},"mobile":{"background-color":"","background-image":"","background-repeat":"repeat","background-position":"center center","background-size":"auto","background-attachment":"scroll","background-type":"","background-media":"","overlay-type":"","overlay-color":"","overlay-opacity":"","overlay-gradient":""}},"ast-content-background-meta":{"desktop":{"background-color":"var(--ast-global-color-5)","background-image":"","background-repeat":"repeat","background-position":"center center","background-size":"auto","background-attachment":"scroll","background-type":"","background-media":"","overlay-type":"","overlay-color":"","overlay-opacity":"","overlay-gradient":""},"tablet":{"background-color":"var(--ast-global-color-5)","background-image":"","background-repeat":"repeat","background-position":"center center","background-size":"auto","background-attachment":"scroll","background-type":"","background-media":"","overlay-type":"","overlay-color":"","overlay-opacity":"","overlay-gradient":""},"mobile":{"background-color":"var(--ast-global-color-5)","background-image":"","background-repeat":"repeat","background-position":"center center","background-size":"auto","background-attachment":"scroll","background-type":"","background-media":"","overlay-type":"","overlay-color":"","overlay-opacity":"","overlay-gradient":""}},"footnotes":""},"categories":[1,23],"tags":[],"class_list":["post-1465","post","type-post","status-publish","format-standard","has-post-thumbnail","hentry","category-blog","category-categoria-1"],"_links":{"self":[{"href":"https:\/\/electricasustentable.com\/index.php\/wp-json\/wp\/v2\/posts\/1465","targetHints":{"allow":["GET"]}}],"collection":[{"href":"https:\/\/electricasustentable.com\/index.php\/wp-json\/wp\/v2\/posts"}],"about":[{"href":"https:\/\/electricasustentable.com\/index.php\/wp-json\/wp\/v2\/types\/post"}],"author":[{"embeddable":true,"href":"https:\/\/electricasustentable.com\/index.php\/wp-json\/wp\/v2\/users\/2"}],"replies":[{"embeddable":true,"href":"https:\/\/electricasustentable.com\/index.php\/wp-json\/wp\/v2\/comments?post=1465"}],"version-history":[{"count":4,"href":"https:\/\/electricasustentable.com\/index.php\/wp-json\/wp\/v2\/posts\/1465\/revisions"}],"predecessor-version":[{"id":1474,"href":"https:\/\/electricasustentable.com\/index.php\/wp-json\/wp\/v2\/posts\/1465\/revisions\/1474"}],"wp:featuredmedia":[{"embeddable":true,"href":"https:\/\/electricasustentable.com\/index.php\/wp-json\/wp\/v2\/media\/1466"}],"wp:attachment":[{"href":"https:\/\/electricasustentable.com\/index.php\/wp-json\/wp\/v2\/media?parent=1465"}],"wp:term":[{"taxonomy":"category","embeddable":true,"href":"https:\/\/electricasustentable.com\/index.php\/wp-json\/wp\/v2\/categories?post=1465"},{"taxonomy":"post_tag","embeddable":true,"href":"https:\/\/electricasustentable.com\/index.php\/wp-json\/wp\/v2\/tags?post=1465"}],"curies":[{"name":"wp","href":"https:\/\/api.w.org\/{rel}","templated":true}]}}